{"id":255,"date":"2020-11-15T11:54:12","date_gmt":"2020-11-15T11:54:12","guid":{"rendered":"http:\/\/www.blog.peloperfecto.es\/index.php\/2020\/11\/15\/el-secado-del-cabello-un-arte-copy\/"},"modified":"2020-11-16T08:33:27","modified_gmt":"2020-11-16T08:33:27","slug":"la-barba","status":"publish","type":"post","link":"http:\/\/www.blog.peloperfecto.es\/index.php\/2020\/11\/15\/la-barba\/","title":{"rendered":"La barba: cuidado y mantenimiento"},"content":{"rendered":"\n[et_pb_section fb_built=\u00bb1&#8243; admin_label=\u00bbAbout Us\u00bb _builder_version=\u00bb3.22&#8243; custom_padding=\u00bb13px|||||\u00bb locked=\u00bboff\u00bb][et_pb_row column_structure=\u00bb1_2,1_2&#8243; use_custom_gutter=\u00bbon\u00bb gutter_width=\u00bb2&#8243; make_equal=\u00bbon\u00bb _builder_version=\u00bb4.7.0&#8243; hover_enabled=\u00bb0&#8243; sticky_enabled=\u00bb0&#8243;][et_pb_column type=\u00bb1_2&#8243; _builder_version=\u00bb4.4.0&#8243;][et_pb_text _builder_version=\u00bb4.4.0&#8243; text_font=\u00bb||||||||\u00bb header_font=\u00bbPlayfair Display|700|||||||\u00bb header_text_align=\u00bbleft\u00bb header_text_color=\u00bb#2b2b2b\u00bb header_font_size=\u00bb41px\u00bb header_line_height=\u00bb1.3em\u00bb header_2_font=\u00bbPlayfair Display|700|||||||\u00bb header_2_text_align=\u00bbleft\u00bb header_2_text_color=\u00bb#2b2b2b\u00bb header_2_font_size=\u00bb42px\u00bb header_2_line_height=\u00bb1.5em\u00bb text_orientation=\u00bbcenter\u00bb module_alignment=\u00bbcenter\u00bb custom_margin=\u00bb||10px|\u00bb]<h1>La barba: cuidado y conservaci\u00f3n<\/h1>[\/et_pb_text][\/et_pb_column][et_pb_column type=\u00bb1_2&#8243; _builder_version=\u00bb4.4.0&#8243; background_color=\u00bb#be67c7&#8243;][et_pb_image src=\u00bbhttp:\/\/www.blog.peloperfecto.es\/wp-content\/uploads\/2020\/11\/Diseno-sin-titulo-1.jpg\u00bb title_text=\u00bbBarba \u00bb align=\u00bbcenter\u00bb _builder_version=\u00bb4.7.0&#8243; custom_margin=\u00bb-20px||||false|false\u00bb custom_padding=\u00bb40px||40px||true|false\u00bb hover_enabled=\u00bb0&#8243; src_last_edited=\u00bboff|desktop\u00bb alt=\u00bbpeloperfecto cuidad barba\u00bb sticky_enabled=\u00bb0&#8243;][\/et_pb_image][\/et_pb_column][\/et_pb_row][et_pb_row _builder_version=\u00bb4.4.0&#8243; custom_margin=\u00bb-11px|auto||auto||\u00bb][et_pb_column type=\u00bb4_4&#8243; _builder_version=\u00bb4.4.0&#8243;][et_pb_text _builder_version=\u00bb4.4.0&#8243; text_font=\u00bbPoppins||||||||\u00bb text_text_color=\u00bbrgba(0,0,0,0.4)\u00bb text_font_size=\u00bb16px\u00bb text_line_height=\u00bb1.9em\u00bb header_font=\u00bb||||||||\u00bb header_2_font=\u00bb||||||||\u00bb text_orientation=\u00bbjustified\u00bb module_alignment=\u00bbcenter\u00bb custom_margin=\u00bb-10px||30px|||\u00bb custom_padding=\u00bb||0px|||\u00bb]<p>La barba se ha convertido en esencial para el hombre actual. Su cuidado y mantenimiento es imprescindible para lucir la barba. Decidir el tipo de barba es el primer paso. El tipo de barba influye no solo en el ritual, sino tambi\u00e9n en la frecuencia del recorte, los materiales que se necesitan, etc.<\/p>\n<p>Una barba corta, requiere poco tiempo para hacerla crecer. En una semana el vello crecer\u00e1 hasta en el punto \u00f3ptimo y, utilizando una m\u00e1quina recortadora cada 3 d\u00edas, ser\u00e1 suficiente para obtener buenos resultados.<\/p>\n<p>Sin embargo, una barba media o larga, requiere un ritual es m\u00e1s sofisticado: en las zonas m\u00e1s cortas se puede utilizar m\u00e1quina, pero en el bigote o el ment\u00f3n se necesitar\u00e1n unas tijeras y mucha pericia.<\/p>\n<p>Mientras se deja crecer la barba, es importante aplicar un aceite para hidratarla y mantenerla nutrida, y lavarla con champ\u00fa especial para barba. C\u00f3mo recortar la barba de manera correcta depende en gran parte de estos cuidados para evitar que la piel se reseque con el paso del tiempo.<\/p>\n<p>El primer paso pare recortar la barba es cep\u00edllala a contrapelo. Pein\u00e1ndola se consigue desenredarla y, sobre todo, dejar a la vista aquellos pelos rebeldes que no quedan uniformes con el resto de la barba. Una vez peinada recortar con tijeras dejando uniforme la barba.<\/p>\n<p>El siguiente paso es pasar la m\u00e1quina recortadora. En este momento, todo depende de la longitud de la barba; eso definir\u00e1 el nivel del peine que debes utilizar. En una barba media o larga, se usar\u00e1 \u00a0la m\u00e1quina recortadora para laterales, patillas y la l\u00ednea del cuello.<\/p>\n<p>Posteriormente se sigue con la zona del bigote y ment\u00f3n. Si la barba es corta, \u00a0se puede continuar usando la m\u00e1quina, pero si es larga se utilizan las tijeras de corte con mucho cuidado con haz movimientos de arriba a abajo para dejarlo uniforme. Con m\u00e1quina o tijeras se eliminan los pelos que sobresalen por encima del labio.<\/p>[\/et_pb_text][\/et_pb_column][\/et_pb_row][et_pb_row _builder_version=\u00bb4.4.0&#8243; custom_margin=\u00bb-11px|auto||auto||\u00bb][et_pb_column type=\u00bb4_4&#8243; _builder_version=\u00bb4.4.0&#8243;][et_pb_text _builder_version=\u00bb4.4.0&#8243; text_font=\u00bbPoppins||||||||\u00bb text_text_color=\u00bbrgba(0,0,0,0.4)\u00bb text_font_size=\u00bb16px\u00bb text_line_height=\u00bb1.9em\u00bb header_font=\u00bb||||||||\u00bb header_2_font=\u00bb||||||||\u00bb text_orientation=\u00bbjustified\u00bb module_alignment=\u00bbcenter\u00bb custom_margin=\u00bb-10px||30px|||\u00bb custom_padding=\u00bb||0px|||\u00bb][\/et_pb_text][\/et_pb_column][\/et_pb_row][et_pb_row column_structure=\u00bb1_3,1_3,1_3&#8243; _builder_version=\u00bb4.4.0&#8243;][et_pb_column type=\u00bb1_3&#8243; _builder_version=\u00bb4.4.0&#8243;][et_pb_blurb title=\u00bbAfeitadora Roadster Capitan Cook\u00bb url=\u00bbhttps:\/\/www.peloperfecto.es\/accesorios-peluqueria\/3691-afeitadora-roadster-capitan-cook.html\u00bb image=\u00bbhttp:\/\/www.blog.peloperfecto.es\/wp-content\/uploads\/2020\/11\/afeitadora-roadster-capitan-cook.jpg\u00bb _builder_version=\u00bb4.7.0&#8243; header_level=\u00bbh2&#8243; header_text_align=\u00bbcenter\u00bb header_font_size=\u00bb17px\u00bb custom_margin=\u00bb||||false|false\u00bb custom_padding=\u00bb20px|20px|20px|20px|true|true\u00bb link_option_url=\u00bbhttps:\/\/www.peloperfecto.es\/accesorios-peluqueria\/3691-afeitadora-roadster-capitan-cook.html\u00bb link_option_url_new_window=\u00bbon\u00bb border_radii=\u00bbon|10px|10px|10px|10px\u00bb border_width_all=\u00bb1px\u00bb border_color_all=\u00bbrgba(51,51,51,0.13)\u00bb box_shadow_style=\u00bbpreset3&#8243; box_shadow_vertical=\u00bb5px\u00bb box_shadow_blur=\u00bb11px\u00bb][\/et_pb_blurb][\/et_pb_column][et_pb_column type=\u00bb1_3&#8243; _builder_version=\u00bb4.4.0&#8243;][et_pb_blurb title=\u00bbCapa recoge pelos afeitado\u00bb url=\u00bbhttps:\/\/www.peloperfecto.es\/accesorios-peluqueria\/3998-capa-recoge-pelos-afeitado.html\u00bb image=\u00bbhttp:\/\/www.blog.peloperfecto.es\/wp-content\/uploads\/2020\/11\/capa-recoge-pelos-afeitado.jpg\u00bb _builder_version=\u00bb4.7.0&#8243; header_level=\u00bbh2&#8243; header_text_align=\u00bbcenter\u00bb header_font_size=\u00bb17px\u00bb custom_margin=\u00bb||||false|false\u00bb custom_padding=\u00bb20px|20px|20px|20px|true|true\u00bb link_option_url=\u00bbhttps:\/\/www.peloperfecto.es\/accesorios-peluqueria\/3998-capa-recoge-pelos-afeitado.html\u00bb link_option_url_new_window=\u00bbon\u00bb border_radii=\u00bbon|10px|10px|10px|10px\u00bb border_width_all=\u00bb1px\u00bb border_color_all=\u00bbrgba(51,51,51,0.13)\u00bb box_shadow_style=\u00bbpreset3&#8243; box_shadow_vertical=\u00bb5px\u00bb box_shadow_blur=\u00bb11px\u00bb][\/et_pb_blurb][\/et_pb_column][et_pb_column type=\u00bb1_3&#8243; _builder_version=\u00bb4.4.0&#8243;][et_pb_blurb title=\u00bbCepillo barba AG pelo jabali mediano\u00bb url=\u00bbhttps:\/\/www.peloperfecto.es\/accesorios-peluqueria\/4054-cepillo-barba-ag-pelo-jabali-mediano.html\u00bb image=\u00bbhttp:\/\/www.blog.peloperfecto.es\/wp-content\/uploads\/2020\/11\/cepillo-barba-ag-pelo-jabali-mediano.png\u00bb _builder_version=\u00bb4.7.0&#8243; header_level=\u00bbh2&#8243; header_text_align=\u00bbcenter\u00bb header_font_size=\u00bb17px\u00bb custom_margin=\u00bb||||false|false\u00bb custom_padding=\u00bb20px|20px|20px|20px|true|true\u00bb link_option_url=\u00bbhttps:\/\/www.peloperfecto.es\/accesorios-peluqueria\/4054-cepillo-barba-ag-pelo-jabali-mediano.html\u00bb link_option_url_new_window=\u00bbon\u00bb border_radii=\u00bbon|10px|10px|10px|10px\u00bb border_width_all=\u00bb1px\u00bb border_color_all=\u00bbrgba(51,51,51,0.13)\u00bb box_shadow_style=\u00bbpreset3&#8243; box_shadow_vertical=\u00bb5px\u00bb box_shadow_blur=\u00bb11px\u00bb][\/et_pb_blurb][\/et_pb_column][\/et_pb_row][\/et_pb_section]\n","protected":false},"excerpt":{"rendered":"","protected":false},"author":2,"featured_media":260,"comment_status":"closed","ping_status":"open","sticky":false,"template":"","format":"standard","meta":{"_et_pb_use_builder":"on","_et_pb_old_content":"","_et_gb_content_width":""},"categories":[3,2],"tags":[],"yoast_head":"<!-- This site is optimized with the Yoast SEO plugin v15.2.1 - https:\/\/yoast.com\/wordpress\/plugins\/seo\/ -->\n<title>La barba: cuidado y mantenimiento - PELOPERFECTO - BLOG<\/title>\n<meta name=\"robots\" content=\"index, follow, max-snippet:-1, max-image-preview:large, max-video-preview:-1\" \/>\n<link rel=\"canonical\" href=\"http:\/\/www.blog.peloperfecto.es\/index.php\/2020\/11\/15\/la-barba\/\" \/>\n<meta property=\"og:locale\" content=\"es_ES\" \/>\n<meta property=\"og:type\" content=\"article\" \/>\n<meta property=\"og:title\" content=\"La barba: cuidado y mantenimiento - PELOPERFECTO - BLOG\" \/>\n<meta property=\"og:url\" content=\"http:\/\/www.blog.peloperfecto.es\/index.php\/2020\/11\/15\/la-barba\/\" \/>\n<meta property=\"og:site_name\" content=\"PELOPERFECTO - BLOG\" \/>\n<meta property=\"article:published_time\" content=\"2020-11-15T11:54:12+00:00\" \/>\n<meta property=\"article:modified_time\" content=\"2020-11-16T08:33:27+00:00\" \/>\n<meta property=\"og:image\" content=\"http:\/\/www.blog.peloperfecto.es\/wp-content\/uploads\/2020\/11\/Diseno-sin-titulo-1.jpg\" \/>\n\t<meta property=\"og:image:width\" content=\"1200\" \/>\n\t<meta property=\"og:image:height\" content=\"800\" \/>\n<meta name=\"twitter:card\" content=\"summary_large_image\" \/>\n<meta name=\"twitter:label1\" content=\"Escrito por\">\n\t<meta name=\"twitter:data1\" content=\"Toni Ramirez\">\n\t<meta name=\"twitter:label2\" content=\"Tiempo de lectura\">\n\t<meta name=\"twitter:data2\" content=\"4 minutos\">\n<script type=\"application\/ld+json\" class=\"yoast-schema-graph\">{\"@context\":\"https:\/\/schema.org\",\"@graph\":[{\"@type\":\"WebSite\",\"@id\":\"http:\/\/www.blog.peloperfecto.es\/#website\",\"url\":\"http:\/\/www.blog.peloperfecto.es\/\",\"name\":\"PELOPERFECTO - BLOG\",\"description\":\"Otro sitio realizado con WordPress\",\"potentialAction\":[{\"@type\":\"SearchAction\",\"target\":\"http:\/\/www.blog.peloperfecto.es\/?s={search_term_string}\",\"query-input\":\"required name=search_term_string\"}],\"inLanguage\":\"es\"},{\"@type\":\"ImageObject\",\"@id\":\"http:\/\/www.blog.peloperfecto.es\/index.php\/2020\/11\/15\/la-barba\/#primaryimage\",\"inLanguage\":\"es\",\"url\":\"http:\/\/www.blog.peloperfecto.es\/wp-content\/uploads\/2020\/11\/Diseno-sin-titulo-1.jpg\",\"width\":1200,\"height\":800,\"caption\":\"cuidado de la barba\"},{\"@type\":\"WebPage\",\"@id\":\"http:\/\/www.blog.peloperfecto.es\/index.php\/2020\/11\/15\/la-barba\/#webpage\",\"url\":\"http:\/\/www.blog.peloperfecto.es\/index.php\/2020\/11\/15\/la-barba\/\",\"name\":\"La barba: cuidado y mantenimiento - PELOPERFECTO - BLOG\",\"isPartOf\":{\"@id\":\"http:\/\/www.blog.peloperfecto.es\/#website\"},\"primaryImageOfPage\":{\"@id\":\"http:\/\/www.blog.peloperfecto.es\/index.php\/2020\/11\/15\/la-barba\/#primaryimage\"},\"datePublished\":\"2020-11-15T11:54:12+00:00\",\"dateModified\":\"2020-11-16T08:33:27+00:00\",\"author\":{\"@id\":\"http:\/\/www.blog.peloperfecto.es\/#\/schema\/person\/6239140460cc11c5e5ff437c9260aa2f\"},\"inLanguage\":\"es\",\"potentialAction\":[{\"@type\":\"ReadAction\",\"target\":[\"http:\/\/www.blog.peloperfecto.es\/index.php\/2020\/11\/15\/la-barba\/\"]}]},{\"@type\":\"Person\",\"@id\":\"http:\/\/www.blog.peloperfecto.es\/#\/schema\/person\/6239140460cc11c5e5ff437c9260aa2f\",\"name\":\"Toni Ramirez\",\"image\":{\"@type\":\"ImageObject\",\"@id\":\"http:\/\/www.blog.peloperfecto.es\/#personlogo\",\"inLanguage\":\"es\",\"url\":\"http:\/\/1.gravatar.com\/avatar\/4aae66dc577a21a518497f72c5422d95?s=96&d=mm&r=g\",\"caption\":\"Toni Ramirez\"}}]}<\/script>\n<!-- \/ Yoast SEO plugin. -->","_links":{"self":[{"href":"http:\/\/www.blog.peloperfecto.es\/index.php\/wp-json\/wp\/v2\/posts\/255"}],"collection":[{"href":"http:\/\/www.blog.peloperfecto.es\/index.php\/wp-json\/wp\/v2\/posts"}],"about":[{"href":"http:\/\/www.blog.peloperfecto.es\/index.php\/wp-json\/wp\/v2\/types\/post"}],"author":[{"embeddable":true,"href":"http:\/\/www.blog.peloperfecto.es\/index.php\/wp-json\/wp\/v2\/users\/2"}],"replies":[{"embeddable":true,"href":"http:\/\/www.blog.peloperfecto.es\/index.php\/wp-json\/wp\/v2\/comments?post=255"}],"version-history":[{"count":6,"href":"http:\/\/www.blog.peloperfecto.es\/index.php\/wp-json\/wp\/v2\/posts\/255\/revisions"}],"predecessor-version":[{"id":278,"href":"http:\/\/www.blog.peloperfecto.es\/index.php\/wp-json\/wp\/v2\/posts\/255\/revisions\/278"}],"wp:featuredmedia":[{"embeddable":true,"href":"http:\/\/www.blog.peloperfecto.es\/index.php\/wp-json\/wp\/v2\/media\/260"}],"wp:attachment":[{"href":"http:\/\/www.blog.peloperfecto.es\/index.php\/wp-json\/wp\/v2\/media?parent=255"}],"wp:term":[{"taxonomy":"category","embeddable":true,"href":"http:\/\/www.blog.peloperfecto.es\/index.php\/wp-json\/wp\/v2\/categories?post=255"},{"taxonomy":"post_tag","embeddable":true,"href":"http:\/\/www.blog.peloperfecto.es\/index.php\/wp-json\/wp\/v2\/tags?post=255"}],"curies":[{"name":"wp","href":"https:\/\/api.w.org\/{rel}","templated":true}]}}