{"id":228,"date":"2020-04-12T15:50:03","date_gmt":"2020-04-12T15:50:03","guid":{"rendered":"http:\/\/www.blog.peloperfecto.es\/index.php\/2020\/04\/12\/cuidado-de-todo-tipo-de-cabellos-copy\/"},"modified":"2020-04-12T15:59:46","modified_gmt":"2020-04-12T15:59:46","slug":"el-secado-del-cabello-un-arte","status":"publish","type":"post","link":"http:\/\/www.blog.peloperfecto.es\/index.php\/2020\/04\/12\/el-secado-del-cabello-un-arte\/","title":{"rendered":"El secado del cabello: un arte"},"content":{"rendered":"<p>[et_pb_section fb_built=\u00bb1&#8243; admin_label=\u00bbAbout Us\u00bb _builder_version=\u00bb3.22&#8243; custom_padding=\u00bb13px|||||\u00bb locked=\u00bboff\u00bb][et_pb_row column_structure=\u00bb1_2,1_2&#8243; use_custom_gutter=\u00bbon\u00bb gutter_width=\u00bb2&#8243; make_equal=\u00bbon\u00bb _builder_version=\u00bb4.4.0&#8243;][et_pb_column type=\u00bb1_2&#8243; _builder_version=\u00bb4.4.0&#8243;][et_pb_text _builder_version=\u00bb4.4.0&#8243; text_font=\u00bb||||||||\u00bb header_font=\u00bbPlayfair Display|700|||||||\u00bb header_text_align=\u00bbleft\u00bb header_text_color=\u00bb#2b2b2b\u00bb header_font_size=\u00bb41px\u00bb header_line_height=\u00bb1.3em\u00bb header_2_font=\u00bbPlayfair Display|700|||||||\u00bb header_2_text_align=\u00bbleft\u00bb header_2_text_color=\u00bb#2b2b2b\u00bb header_2_font_size=\u00bb42px\u00bb header_2_line_height=\u00bb1.5em\u00bb text_orientation=\u00bbcenter\u00bb module_alignment=\u00bbcenter\u00bb custom_margin=\u00bb||10px|\u00bb]<\/p>\n<h1>El secado del cabello: un arte<\/h1>\n<p>[\/et_pb_text][\/et_pb_column][et_pb_column type=\u00bb1_2&#8243; _builder_version=\u00bb4.4.0&#8243; background_color=\u00bb#be67c7&#8243;][et_pb_image src=\u00bbhttp:\/\/www.blog.peloperfecto.es\/wp-content\/uploads\/2020\/04\/Canva-Hairdresser-drying-womans-hair-in-beauty-salon.jpg\u00bb align=\u00bbcenter\u00bb _builder_version=\u00bb4.4.0&#8243; custom_margin=\u00bb-20px||||false|false\u00bb custom_padding=\u00bb||40px||false|false\u00bb hover_enabled=\u00bb0&#8243;][\/et_pb_image][\/et_pb_column][\/et_pb_row][et_pb_row _builder_version=\u00bb4.4.0&#8243; custom_margin=\u00bb-11px|auto||auto||\u00bb][et_pb_column type=\u00bb4_4&#8243; _builder_version=\u00bb4.4.0&#8243;][et_pb_text _builder_version=\u00bb4.4.0&#8243; text_font=\u00bbPoppins||||||||\u00bb text_text_color=\u00bbrgba(0,0,0,0.4)\u00bb text_font_size=\u00bb16px\u00bb text_line_height=\u00bb1.9em\u00bb header_font=\u00bb||||||||\u00bb header_2_font=\u00bb||||||||\u00bb text_orientation=\u00bbjustified\u00bb module_alignment=\u00bbcenter\u00bb custom_margin=\u00bb-10px||30px|||\u00bb custom_padding=\u00bb||0px|||\u00bb hover_enabled=\u00bb0&#8243;]<\/p>\n<p style=\"text-align: justify;\">El secado del cabello es un arte f\u00e1cil de aprender si siguen los pasos adecuados. Cuando se va a la peluquer\u00eda, el pelo m\u00e1s brillante de lo habitual, no se encrespa, se mantiene liso m\u00e1s tiempo\u2026 incluso m\u00e1s suave.<\/p>\n<p style=\"text-align: justify;\">El secado adecuado del cabello es fundamental. No secar el pelo inmediatamente despu\u00e9s de lavarlo. Lo ideal es recogerlo con una toalla o turbante y dejar que se seque durante unos 15 minutoscon ello se reducir\u00e1 el tiempo de exposici\u00f3n al calor del secador.<\/p>\n<p style=\"text-align: justify;\">Es muy importante disponer de un secador profesional que permita ajustar la temperatura y la potencia e incluir, adem\u00e1s de estas dos opciones, un bot\u00f3n de temperatura baja. Es aconsejable no exceder el tiempo de exposici\u00f3n del cabello ya que puede da\u00f1ar la estructura del pelo, acabar con las puntas abiertas o irritar el cuero cabelludo.<\/p>\n<p style=\"text-align: justify;\">La distancia del secador al cabello ha de ser de unos 20cm sin mantenerlo durante mucho tiempo en el mismo punto. En el caso de tener el cabello fino, el secador se ha de utilizar con baja potencia para evitar que el pelo se enrede. Es importante utilizar la boquilla en el secador para evitar el encrespamiento secando cada mech\u00f3n desde las ra\u00edces hasta las. Esta t\u00e9cnica alisa la cut\u00edcula capilar y hace que el cabello se vea m\u00e1s sano, brillante y protegido.<\/p>\n<p style=\"text-align: justify;\">Para secar bien el pelo, el orden es importante. Primero se ha de dividir tu cabello en varias partes empezando a secar por el cuello y solo cuando est\u00e1 seca esa zona, se sube hasta la altura de la coronilla. Utilizar una boquilla que concentra el aire ayuda a dirigir toda la intensidad del aire hacia el mech\u00f3n de pelo por el que se est\u00e1 pasando el cepillo<\/p>\n<p style=\"text-align: justify;\">Es importante no confundir el calor con el secado, para secar mas aumentar la intensidad del aire pero no la temperatura, cambiando de vez en cuando al aire fr\u00edo para aportar m\u00e1s elasticidad<\/p>\n<p style=\"text-align: justify;\">Utilizar siempre un spray protector de calor. Este producto previene el da\u00f1o que puede causar el calor del secador. para alisar, usar un s\u00e9rum capilar y, para el cabello rizado, uno que potencie el rizo (adem\u00e1s de un difusor). A la hora de usar un producto para peinado, recuerda: poca cantidad, siempre en cabello h\u00famedo y nunca sobre las ra\u00edces.<\/p>\n<p>[\/et_pb_text][\/et_pb_column][\/et_pb_row][et_pb_row column_structure=\u00bb1_3,1_3,1_3&#8243; _builder_version=\u00bb4.4.0&#8243;][et_pb_column type=\u00bb1_3&#8243; _builder_version=\u00bb4.4.0&#8243;][et_pb_blurb title=\u00bbSerum Reparador De Puntas Platingloss 50Ml\u00bb url=\u00bbhttps:\/\/www.peloperfecto.es\/productos-para-el-cabello\/2988-serum-reparador-de-puntas-platingloss-50ml.html\u00bb image=\u00bbhttp:\/\/www.blog.peloperfecto.es\/wp-content\/uploads\/2020\/04\/serum-reparador-de-puntas-platingloss-50ml.jpg\u00bb _builder_version=\u00bb4.4.0&#8243; header_level=\u00bbh2&#8243; header_text_align=\u00bbcenter\u00bb header_font_size=\u00bb17px\u00bb custom_margin=\u00bb||||false|false\u00bb custom_padding=\u00bb20px|20px|20px|20px|true|true\u00bb link_option_url=\u00bbhttps:\/\/www.peloperfecto.es\/productos-para-el-cabello\/2988-serum-reparador-de-puntas-platingloss-50ml.html\u00bb link_option_url_new_window=\u00bbon\u00bb hover_enabled=\u00bb0&#8243; border_radii=\u00bbon|10px|10px|10px|10px\u00bb border_width_all=\u00bb1px\u00bb border_color_all=\u00bbrgba(51,51,51,0.13)\u00bb box_shadow_style=\u00bbpreset3&#8243; box_shadow_vertical=\u00bb5px\u00bb box_shadow_blur=\u00bb11px\u00bb][\/et_pb_blurb][\/et_pb_column][et_pb_column type=\u00bb1_3&#8243; _builder_version=\u00bb4.4.0&#8243;][et_pb_blurb title=\u00bbBC Peptide Repair Rescue Tratamiento de Puntas 150ml\u00bb url=\u00bbhttps:\/\/www.peloperfecto.es\/productos-para-el-cabello\/234-bc-repair-tratamiento-de-puntas-150ml.html\u00bb image=\u00bbhttp:\/\/www.blog.peloperfecto.es\/wp-content\/uploads\/2020\/04\/SW179bis-1.jpg\u00bb _builder_version=\u00bb4.4.0&#8243; header_level=\u00bbh2&#8243; header_text_align=\u00bbcenter\u00bb header_font_size=\u00bb17px\u00bb custom_margin=\u00bb||||false|false\u00bb custom_padding=\u00bb20px|20px|20px|20px|true|true\u00bb link_option_url=\u00bbhttps:\/\/www.peloperfecto.es\/productos-para-el-cabello\/234-bc-repair-tratamiento-de-puntas-150ml.html\u00bb link_option_url_new_window=\u00bbon\u00bb border_radii=\u00bbon|10px|10px|10px|10px\u00bb border_width_all=\u00bb1px\u00bb border_color_all=\u00bbrgba(51,51,51,0.13)\u00bb box_shadow_style=\u00bbpreset3&#8243; box_shadow_vertical=\u00bb5px\u00bb box_shadow_blur=\u00bb11px\u00bb][\/et_pb_blurb][\/et_pb_column][et_pb_column type=\u00bb1_3&#8243; _builder_version=\u00bb4.4.0&#8243;][et_pb_blurb title=\u00bbSecador Romeo &#038; Juliette Fucsia 2200w\u00bb url=\u00bbhttps:\/\/www.peloperfecto.es\/accesorios-peluqueria\/2460-secador-romeo-juliette-fucsia-2200w.html\u00bb image=\u00bbhttp:\/\/www.blog.peloperfecto.es\/wp-content\/uploads\/2020\/04\/secador-romeo-juliette-fucsia-2200w.jpg\u00bb _builder_version=\u00bb4.4.0&#8243; header_level=\u00bbh2&#8243; header_text_align=\u00bbcenter\u00bb header_font_size=\u00bb17px\u00bb custom_margin=\u00bb||||false|false\u00bb custom_padding=\u00bb20px|20px|20px|20px|true|true\u00bb link_option_url=\u00bbhttps:\/\/www.peloperfecto.es\/accesorios-peluqueria\/2460-secador-romeo-juliette-fucsia-2200w.html\u00bb link_option_url_new_window=\u00bbon\u00bb hover_enabled=\u00bb0&#8243; border_radii=\u00bbon|10px|10px|10px|10px\u00bb border_width_all=\u00bb1px\u00bb border_color_all=\u00bbrgba(51,51,51,0.13)\u00bb box_shadow_style=\u00bbpreset3&#8243; box_shadow_vertical=\u00bb5px\u00bb box_shadow_blur=\u00bb11px\u00bb][\/et_pb_blurb][\/et_pb_column][\/et_pb_row][\/et_pb_section]<\/p>\n","protected":false},"excerpt":{"rendered":"<p>[et_pb_section fb_built=\u00bb1&#8243; admin_label=\u00bbAbout Us\u00bb _builder_version=\u00bb3.22&#8243; custom_padding=\u00bb13px|||||\u00bb locked=\u00bboff\u00bb][et_pb_row column_structure=\u00bb1_2,1_2&#8243; use_custom_gutter=\u00bbon\u00bb gutter_width=\u00bb2&#8243; make_equal=\u00bbon\u00bb _builder_version=\u00bb4.4.0&#8243;][et_pb_column type=\u00bb1_2&#8243; _builder_version=\u00bb4.4.0&#8243;][et_pb_text _builder_version=\u00bb4.4.0&#8243; text_font=\u00bb||||||||\u00bb header_font=\u00bbPlayfair Display|700|||||||\u00bb header_text_align=\u00bbleft\u00bb header_text_color=\u00bb#2b2b2b\u00bb header_font_size=\u00bb41px\u00bb header_line_height=\u00bb1.3em\u00bb header_2_font=\u00bbPlayfair Display|700|||||||\u00bb header_2_text_align=\u00bbleft\u00bb header_2_text_color=\u00bb#2b2b2b\u00bb header_2_font_size=\u00bb42px\u00bb header_2_line_height=\u00bb1.5em\u00bb text_orientation=\u00bbcenter\u00bb module_alignment=\u00bbcenter\u00bb custom_margin=\u00bb||10px|\u00bb] El secado del cabello: un arte [\/et_pb_text][\/et_pb_column][et_pb_column type=\u00bb1_2&#8243; _builder_version=\u00bb4.4.0&#8243; background_color=\u00bb#be67c7&#8243;][et_pb_image src=\u00bbhttp:\/\/www.blog.peloperfecto.es\/wp-content\/uploads\/2020\/04\/Canva-Hairdresser-drying-womans-hair-in-beauty-salon.jpg\u00bb align=\u00bbcenter\u00bb _builder_version=\u00bb4.4.0&#8243; custom_margin=\u00bb-20px||||false|false\u00bb custom_padding=\u00bb||40px||false|false\u00bb hover_enabled=\u00bb0&#8243;][\/et_pb_image][\/et_pb_column][\/et_pb_row][et_pb_row _builder_version=\u00bb4.4.0&#8243; custom_margin=\u00bb-11px|auto||auto||\u00bb][et_pb_column type=\u00bb4_4&#8243; _builder_version=\u00bb4.4.0&#8243;][et_pb_text _builder_version=\u00bb4.4.0&#8243; text_font=\u00bbPoppins||||||||\u00bb text_text_color=\u00bbrgba(0,0,0,0.4)\u00bb text_font_size=\u00bb16px\u00bb [&hellip;]<\/p>\n","protected":false},"author":2,"featured_media":229,"comment_status":"closed","ping_status":"open","sticky":false,"template":"","format":"standard","meta":{"_et_pb_use_builder":"on","_et_pb_old_content":"","_et_gb_content_width":""},"categories":[3,2],"tags":[],"yoast_head":"<!-- This site is optimized with the Yoast SEO plugin v15.2.1 - https:\/\/yoast.com\/wordpress\/plugins\/seo\/ -->\n<title>El secado del cabello: un arte - PELOPERFECTO - BLOG<\/title>\n<meta name=\"robots\" content=\"index, follow, max-snippet:-1, max-image-preview:large, max-video-preview:-1\" \/>\n<link rel=\"canonical\" href=\"http:\/\/www.blog.peloperfecto.es\/index.php\/2020\/04\/12\/el-secado-del-cabello-un-arte\/\" \/>\n<meta property=\"og:locale\" content=\"es_ES\" \/>\n<meta property=\"og:type\" content=\"article\" \/>\n<meta property=\"og:title\" content=\"El secado del cabello: un arte - PELOPERFECTO - BLOG\" \/>\n<meta property=\"og:description\" content=\"[et_pb_section fb_built=\u00bb1&#8243; admin_label=\u00bbAbout Us\u00bb _builder_version=\u00bb3.22&#8243; custom_padding=\u00bb13px|||||\u00bb locked=\u00bboff\u00bb][et_pb_row column_structure=\u00bb1_2,1_2&#8243; use_custom_gutter=\u00bbon\u00bb gutter_width=\u00bb2&#8243; make_equal=\u00bbon\u00bb _builder_version=\u00bb4.4.0&#8243;][et_pb_column type=\u00bb1_2&#8243; _builder_version=\u00bb4.4.0&#8243;][et_pb_text _builder_version=\u00bb4.4.0&#8243; text_font=\u00bb||||||||\u00bb header_font=\u00bbPlayfair Display|700|||||||\u00bb header_text_align=\u00bbleft\u00bb header_text_color=\u00bb#2b2b2b\u00bb header_font_size=\u00bb41px\u00bb header_line_height=\u00bb1.3em\u00bb header_2_font=\u00bbPlayfair Display|700|||||||\u00bb header_2_text_align=\u00bbleft\u00bb header_2_text_color=\u00bb#2b2b2b\u00bb header_2_font_size=\u00bb42px\u00bb header_2_line_height=\u00bb1.5em\u00bb text_orientation=\u00bbcenter\u00bb module_alignment=\u00bbcenter\u00bb custom_margin=\u00bb||10px|\u00bb] El secado del cabello: un arte [\/et_pb_text][\/et_pb_column][et_pb_column type=\u00bb1_2&#8243; _builder_version=\u00bb4.4.0&#8243; background_color=\u00bb#be67c7&#8243;][et_pb_image src=\u00bbhttp:\/\/www.blog.peloperfecto.es\/wp-content\/uploads\/2020\/04\/Canva-Hairdresser-drying-womans-hair-in-beauty-salon.jpg\u00bb align=\u00bbcenter\u00bb _builder_version=\u00bb4.4.0&#8243; custom_margin=\u00bb-20px||||false|false\u00bb custom_padding=\u00bb||40px||false|false\u00bb hover_enabled=\u00bb0&#8243;][\/et_pb_image][\/et_pb_column][\/et_pb_row][et_pb_row _builder_version=\u00bb4.4.0&#8243; custom_margin=\u00bb-11px|auto||auto||\u00bb][et_pb_column type=\u00bb4_4&#8243; _builder_version=\u00bb4.4.0&#8243;][et_pb_text _builder_version=\u00bb4.4.0&#8243; text_font=\u00bbPoppins||||||||\u00bb text_text_color=\u00bbrgba(0,0,0,0.4)\u00bb text_font_size=\u00bb16px\u00bb [&hellip;]\" \/>\n<meta property=\"og:url\" content=\"http:\/\/www.blog.peloperfecto.es\/index.php\/2020\/04\/12\/el-secado-del-cabello-un-arte\/\" \/>\n<meta property=\"og:site_name\" content=\"PELOPERFECTO - BLOG\" \/>\n<meta property=\"article:published_time\" content=\"2020-04-12T15:50:03+00:00\" \/>\n<meta property=\"article:modified_time\" content=\"2020-04-12T15:59:46+00:00\" \/>\n<meta property=\"og:image\" content=\"http:\/\/www.blog.peloperfecto.es\/wp-content\/uploads\/2020\/04\/Canva-Hairdresser-drying-womans-hair-in-beauty-salon.jpg\" \/>\n\t<meta property=\"og:image:width\" content=\"1200\" \/>\n\t<meta property=\"og:image:height\" content=\"800\" \/>\n<meta name=\"twitter:card\" content=\"summary_large_image\" \/>\n<meta name=\"twitter:label1\" content=\"Escrito por\">\n\t<meta name=\"twitter:data1\" content=\"Toni Ramirez\">\n\t<meta name=\"twitter:label2\" content=\"Tiempo de lectura\">\n\t<meta name=\"twitter:data2\" content=\"4 minutos\">\n<script type=\"application\/ld+json\" class=\"yoast-schema-graph\">{\"@context\":\"https:\/\/schema.org\",\"@graph\":[{\"@type\":\"WebSite\",\"@id\":\"http:\/\/www.blog.peloperfecto.es\/#website\",\"url\":\"http:\/\/www.blog.peloperfecto.es\/\",\"name\":\"PELOPERFECTO - BLOG\",\"description\":\"Otro sitio realizado con WordPress\",\"potentialAction\":[{\"@type\":\"SearchAction\",\"target\":\"http:\/\/www.blog.peloperfecto.es\/?s={search_term_string}\",\"query-input\":\"required name=search_term_string\"}],\"inLanguage\":\"es\"},{\"@type\":\"ImageObject\",\"@id\":\"http:\/\/www.blog.peloperfecto.es\/index.php\/2020\/04\/12\/el-secado-del-cabello-un-arte\/#primaryimage\",\"inLanguage\":\"es\",\"url\":\"http:\/\/www.blog.peloperfecto.es\/wp-content\/uploads\/2020\/04\/Canva-Hairdresser-drying-womans-hair-in-beauty-salon.jpg\",\"width\":1200,\"height\":800,\"caption\":\"Hairdresser drying woman's hair with hair dryer and round brush in beauty salon, closeup\"},{\"@type\":\"WebPage\",\"@id\":\"http:\/\/www.blog.peloperfecto.es\/index.php\/2020\/04\/12\/el-secado-del-cabello-un-arte\/#webpage\",\"url\":\"http:\/\/www.blog.peloperfecto.es\/index.php\/2020\/04\/12\/el-secado-del-cabello-un-arte\/\",\"name\":\"El secado del cabello: un arte - PELOPERFECTO - BLOG\",\"isPartOf\":{\"@id\":\"http:\/\/www.blog.peloperfecto.es\/#website\"},\"primaryImageOfPage\":{\"@id\":\"http:\/\/www.blog.peloperfecto.es\/index.php\/2020\/04\/12\/el-secado-del-cabello-un-arte\/#primaryimage\"},\"datePublished\":\"2020-04-12T15:50:03+00:00\",\"dateModified\":\"2020-04-12T15:59:46+00:00\",\"author\":{\"@id\":\"http:\/\/www.blog.peloperfecto.es\/#\/schema\/person\/6239140460cc11c5e5ff437c9260aa2f\"},\"inLanguage\":\"es\",\"potentialAction\":[{\"@type\":\"ReadAction\",\"target\":[\"http:\/\/www.blog.peloperfecto.es\/index.php\/2020\/04\/12\/el-secado-del-cabello-un-arte\/\"]}]},{\"@type\":\"Person\",\"@id\":\"http:\/\/www.blog.peloperfecto.es\/#\/schema\/person\/6239140460cc11c5e5ff437c9260aa2f\",\"name\":\"Toni Ramirez\",\"image\":{\"@type\":\"ImageObject\",\"@id\":\"http:\/\/www.blog.peloperfecto.es\/#personlogo\",\"inLanguage\":\"es\",\"url\":\"http:\/\/1.gravatar.com\/avatar\/4aae66dc577a21a518497f72c5422d95?s=96&d=mm&r=g\",\"caption\":\"Toni Ramirez\"}}]}<\/script>\n<!-- \/ Yoast SEO plugin. -->","_links":{"self":[{"href":"http:\/\/www.blog.peloperfecto.es\/index.php\/wp-json\/wp\/v2\/posts\/228"}],"collection":[{"href":"http:\/\/www.blog.peloperfecto.es\/index.php\/wp-json\/wp\/v2\/posts"}],"about":[{"href":"http:\/\/www.blog.peloperfecto.es\/index.php\/wp-json\/wp\/v2\/types\/post"}],"author":[{"embeddable":true,"href":"http:\/\/www.blog.peloperfecto.es\/index.php\/wp-json\/wp\/v2\/users\/2"}],"replies":[{"embeddable":true,"href":"http:\/\/www.blog.peloperfecto.es\/index.php\/wp-json\/wp\/v2\/comments?post=228"}],"version-history":[{"count":2,"href":"http:\/\/www.blog.peloperfecto.es\/index.php\/wp-json\/wp\/v2\/posts\/228\/revisions"}],"predecessor-version":[{"id":234,"href":"http:\/\/www.blog.peloperfecto.es\/index.php\/wp-json\/wp\/v2\/posts\/228\/revisions\/234"}],"wp:featuredmedia":[{"embeddable":true,"href":"http:\/\/www.blog.peloperfecto.es\/index.php\/wp-json\/wp\/v2\/media\/229"}],"wp:attachment":[{"href":"http:\/\/www.blog.peloperfecto.es\/index.php\/wp-json\/wp\/v2\/media?parent=228"}],"wp:term":[{"taxonomy":"category","embeddable":true,"href":"http:\/\/www.blog.peloperfecto.es\/index.php\/wp-json\/wp\/v2\/categories?post=228"},{"taxonomy":"post_tag","embeddable":true,"href":"http:\/\/www.blog.peloperfecto.es\/index.php\/wp-json\/wp\/v2\/tags?post=228"}],"curies":[{"name":"wp","href":"https:\/\/api.w.org\/{rel}","templated":true}]}}